{"id":230,"date":"2015-02-11T02:40:49","date_gmt":"2015-02-11T01:40:49","guid":{"rendered":"http:\/\/valeriane-cevennes.com\/?p=230"},"modified":"2015-03-18T02:00:06","modified_gmt":"2015-03-18T01:00:06","slug":"le-sureau-2","status":"publish","type":"post","link":"http:\/\/valeriane-cevennes.com\/?p=230","title":{"rendered":"Le Sureau noir"},"content":{"rendered":"<p><a href=\"http:\/\/valeriane-cevennes.com\/wp-content\/uploads\/2015\/02\/Mai-2014-300b.jpg\"><img loading=\"lazy\" decoding=\"async\" class=\"alignnone size-medium wp-image-232\" src=\"http:\/\/valeriane-cevennes.com\/wp-content\/uploads\/2015\/02\/Mai-2014-300b-300x225.jpg\" alt=\"Mai 2014 300b\" width=\"300\" height=\"225\" srcset=\"http:\/\/valeriane-cevennes.com\/wp-content\/uploads\/2015\/02\/Mai-2014-300b-300x225.jpg 300w, http:\/\/valeriane-cevennes.com\/wp-content\/uploads\/2015\/02\/Mai-2014-300b.jpg 500w\" sizes=\"(max-width: 300px) 100vw, 300px\" \/><\/a><\/p>\n<p>Plant\u00e9 dans un jardin, il est l&rsquo;un des protecteurs de la maison contre les esprits et contre la foudre, une branche de son bois port\u00e9e sur soi prot\u00e8ge des agressions.<br \/>Mais attention quand vous le br\u00fblez ! Cela pourrait r\u00e9veiller de mauvais esprits.<\/p>\n<p>Le sureau noir (sambucus nigra) a probablement accompagn\u00e9 l&rsquo;homme tout au long de son histoire. C&rsquo;est un arbre g\u00e9n\u00e9raliste, soignant quantit\u00e9 de maux : rhumatismes, grippe, affection de la gorge, infections urinaires, ob\u00e9sit\u00e9&#8230;<\/p>\n<p><em>R\u00e9colte :<\/em><\/p>\n<p>Le Sureau est commun dans des sols frais et ombrag\u00e9s, les haies, les lisi\u00e8res, les bords des champs, de la plaine jusqu&rsquo;\u00e0 1000 m d&rsquo;altitude, c&rsquo;est un petit arbre dont la tige de 4 \u00e0 5 m\u00e8tres se divise en rameaux oppos\u00e9s.<br \/>La seconde \u00e9corce est r\u00e9colt\u00e9e \u00e0 l&rsquo;automne, apr\u00e8s la chute des feuilles, sur les jeunes rameaux ; les feuilles le sont durant l&rsquo;\u00e9t\u00e9, les fleurs \u00e0 leur parfait d\u00e9veloppement en juin et les fruits en septembre. Ce sont les fleurs et les \u00e9corces que l&rsquo;on utilise couramment ou le jus des fruits, principalement les fleurs r\u00e9colt\u00e9es en pleine floraison et les baies quand elles sont bien m\u00fbres.<\/p>\n<p><em>Usages :<\/em><\/p>\n<p>D\u00e9puratif, sudorifique, diur\u00e9tique, \u00e9mollient, le sureau favorise la fluidification des s\u00e9cr\u00e9tions bronchiques, les \u00e9corces et les baies employ\u00e9es comme diur\u00e9tique, les fleurs et les \u00e9corces sont sudorifiques et diur\u00e9tiques utilis\u00e9es chaque fois que l&rsquo;\u00e9limination des toxines par la transpirations est n\u00e9cessaire (d\u00e9but de grippe, fi\u00e8vre, affection des bronches), anti-inflammatoires en utilisant les fleurs pour soulager les abc\u00e8s, engelures, en compresses ou en bains d&rsquo;yeux.<\/p>\n<p>On pr\u00e9pare les \u00e9corces en d\u00e9coction pendant 5 mn, les fleurs en infusion, en en mettant une cuiller\u00e9e \u00e0 soupe par tasse et en prenant une \u00e0 quatre tasses par jour ; en gargarisme ou bain de bouche, en d\u00e9coction avec 4 cuiller\u00e9es \u00e0 soupe de fleurs de sureau pour 1\/2 litre d&rsquo;eau, laisser bouillir 5 mn et infuser 20 mn, \u00e0 prendre plusieurs fois par jour.<br \/>Pour la grippe : infusion de fleurs de sureau, laryngite, pharyngite : gargarismes ou bains de bouche.<\/p>\n<p><a href=\"http:\/\/valeriane-cevennes.com\/wp-content\/uploads\/2015\/02\/Mai-2014-306b.jpg\"><img loading=\"lazy\" decoding=\"async\" class=\"alignleft size-medium wp-image-307\" src=\"http:\/\/valeriane-cevennes.com\/wp-content\/uploads\/2015\/02\/Mai-2014-306b-225x300.jpg\" alt=\"Mai 2014 306b\" width=\"225\" height=\"300\" srcset=\"http:\/\/valeriane-cevennes.com\/wp-content\/uploads\/2015\/02\/Mai-2014-306b-225x300.jpg 225w, http:\/\/valeriane-cevennes.com\/wp-content\/uploads\/2015\/02\/Mai-2014-306b.jpg 375w\" sizes=\"(max-width: 225px) 100vw, 225px\" \/><\/a><br \/><em>Sambucus nigra<br \/><\/em><\/p>\n<p>&nbsp;<\/p>\n<p>&nbsp;<\/p>\n<p>&nbsp;<\/p>\n<p>&nbsp;<\/p>\n<p>&nbsp;<\/p>\n","protected":false},"excerpt":{"rendered":"<p>Plant\u00e9 dans un jardin, il est l&rsquo;un des protecteurs de la maison contre les esprits et contre la foudre, une branche de son bois port\u00e9e sur soi prot\u00e8ge des agressions.Mais attention quand vous le br\u00fblez ! Cela pourrait r\u00e9veiller de mauvais esprits. Le sureau&#8230;<\/p>\n","protected":false},"author":1,"featured_media":0,"comment_status":"open","ping_status":"closed","sticky":false,"template":"","format":"standard","meta":{"ngg_post_thumbnail":0,"footnotes":""},"categories":[2],"tags":[],"class_list":["post-230","post","type-post","status-publish","format-standard","hentry","category-les-plantes-medicinales"],"_links":{"self":[{"href":"http:\/\/valeriane-cevennes.com\/index.php?rest_route=\/wp\/v2\/posts\/230"}],"collection":[{"href":"http:\/\/valeriane-cevennes.com\/index.php?rest_route=\/wp\/v2\/posts"}],"about":[{"href":"http:\/\/valeriane-cevennes.com\/index.php?rest_route=\/wp\/v2\/types\/post"}],"author":[{"embeddable":true,"href":"http:\/\/valeriane-cevennes.com\/index.php?rest_route=\/wp\/v2\/users\/1"}],"replies":[{"embeddable":true,"href":"http:\/\/valeriane-cevennes.com\/index.php?rest_route=%2Fwp%2Fv2%2Fcomments&post=230"}],"version-history":[{"count":6,"href":"http:\/\/valeriane-cevennes.com\/index.php?rest_route=\/wp\/v2\/posts\/230\/revisions"}],"predecessor-version":[{"id":308,"href":"http:\/\/valeriane-cevennes.com\/index.php?rest_route=\/wp\/v2\/posts\/230\/revisions\/308"}],"wp:attachment":[{"href":"http:\/\/valeriane-cevennes.com\/index.php?rest_route=%2Fwp%2Fv2%2Fmedia&parent=230"}],"wp:term":[{"taxonomy":"category","embeddable":true,"href":"http:\/\/valeriane-cevennes.com\/index.php?rest_route=%2Fwp%2Fv2%2Fcategories&post=230"},{"taxonomy":"post_tag","embeddable":true,"href":"http:\/\/valeriane-cevennes.com\/index.php?rest_route=%2Fwp%2Fv2%2Ftags&post=230"}],"curies":[{"name":"wp","href":"https:\/\/api.w.org\/{rel}","templated":true}]}}