{"id":385,"date":"2015-05-28T01:59:26","date_gmt":"2015-05-28T00:59:26","guid":{"rendered":"http:\/\/valeriane-cevennes.com\/?p=385"},"modified":"2015-05-28T02:01:01","modified_gmt":"2015-05-28T01:01:01","slug":"la-saxifrage","status":"publish","type":"post","link":"http:\/\/valeriane-cevennes.com\/?p=385","title":{"rendered":"La Saxifrage"},"content":{"rendered":"<p><a href=\"http:\/\/valeriane-cevennes.com\/wp-content\/uploads\/2015\/05\/Mai-2015047-009b.jpg\"><img loading=\"lazy\" decoding=\"async\" class=\" size-medium wp-image-386 alignleft\" src=\"http:\/\/valeriane-cevennes.com\/wp-content\/uploads\/2015\/05\/Mai-2015047-009b-300x225.jpg\" alt=\"Mai 2015047 009b\" width=\"300\" height=\"225\" srcset=\"http:\/\/valeriane-cevennes.com\/wp-content\/uploads\/2015\/05\/Mai-2015047-009b-300x225.jpg 300w, http:\/\/valeriane-cevennes.com\/wp-content\/uploads\/2015\/05\/Mai-2015047-009b.jpg 500w\" sizes=\"(max-width: 300px) 100vw, 300px\" \/><\/a><\/p>\n<p>La saxifrage, <em>Saxifraga granulata, <\/em>nomm\u00e9e aussi casse-pierre, perce-pierre, herbe \u00e0 la gravelle, mignonnette, sanicle des montagnes, est une plante vivace, tr\u00e8s r\u00e9pandue en Europe, pr\u00e9f\u00e9rant les terrains siliceux. Elle est rare au dessus de 800 m\u00e8tres d&rsquo;altitude.<\/p>\n<p><em>R\u00e9colte : <\/em><\/p>\n<p>Elle se multiplie par semis des graines ou division des touffes. Les feuilles se r\u00e9coltent de juillet \u00e0 septembre et les racines en automne. On les fait s\u00e9cher dans un endroit sec et a\u00e9r\u00e9.<\/p>\n<p><em>Usages :<\/em><\/p>\n<p>Diur\u00e9tiques, les feuilles et les racines de saxifrage ont la r\u00e9putation de dissoudre les calculs des reins.<br \/>On les pr\u00e9pare en d\u00e9coction pendant 2 mn pour les feuilles et 5 mn pour les racines.<br \/>En prendre 2 ou 3 tasses par jour.<\/p>\n<p><a href=\"http:\/\/valeriane-cevennes.com\/wp-content\/uploads\/2015\/05\/Mai-2015047-071b.jpg\"><img loading=\"lazy\" decoding=\"async\" class=\" size-medium wp-image-387 alignleft\" src=\"http:\/\/valeriane-cevennes.com\/wp-content\/uploads\/2015\/05\/Mai-2015047-071b-300x225.jpg\" alt=\"Mai 2015047 071b\" width=\"300\" height=\"225\" srcset=\"http:\/\/valeriane-cevennes.com\/wp-content\/uploads\/2015\/05\/Mai-2015047-071b-300x225.jpg 300w, http:\/\/valeriane-cevennes.com\/wp-content\/uploads\/2015\/05\/Mai-2015047-071b.jpg 500w\" sizes=\"(max-width: 300px) 100vw, 300px\" \/><\/a><em><br \/>Saxifraga granulata<\/em><\/p>\n<p>&nbsp;<\/p>\n","protected":false},"excerpt":{"rendered":"<p>La saxifrage, Saxifraga granulata, nomm\u00e9e aussi casse-pierre, perce-pierre, herbe \u00e0 la gravelle, mignonnette, sanicle des montagnes, est une plante vivace, tr\u00e8s r\u00e9pandue en Europe, pr\u00e9f\u00e9rant les terrains siliceux. Elle est rare au dessus de 800 m\u00e8tres d&rsquo;altitude. R\u00e9colte : Elle se multiplie par semis&#8230;<\/p>\n","protected":false},"author":1,"featured_media":0,"comment_status":"open","ping_status":"closed","sticky":false,"template":"","format":"standard","meta":{"ngg_post_thumbnail":0,"footnotes":""},"categories":[2],"tags":[],"class_list":["post-385","post","type-post","status-publish","format-standard","hentry","category-les-plantes-medicinales"],"_links":{"self":[{"href":"http:\/\/valeriane-cevennes.com\/index.php?rest_route=\/wp\/v2\/posts\/385"}],"collection":[{"href":"http:\/\/valeriane-cevennes.com\/index.php?rest_route=\/wp\/v2\/posts"}],"about":[{"href":"http:\/\/valeriane-cevennes.com\/index.php?rest_route=\/wp\/v2\/types\/post"}],"author":[{"embeddable":true,"href":"http:\/\/valeriane-cevennes.com\/index.php?rest_route=\/wp\/v2\/users\/1"}],"replies":[{"embeddable":true,"href":"http:\/\/valeriane-cevennes.com\/index.php?rest_route=%2Fwp%2Fv2%2Fcomments&post=385"}],"version-history":[{"count":3,"href":"http:\/\/valeriane-cevennes.com\/index.php?rest_route=\/wp\/v2\/posts\/385\/revisions"}],"predecessor-version":[{"id":390,"href":"http:\/\/valeriane-cevennes.com\/index.php?rest_route=\/wp\/v2\/posts\/385\/revisions\/390"}],"wp:attachment":[{"href":"http:\/\/valeriane-cevennes.com\/index.php?rest_route=%2Fwp%2Fv2%2Fmedia&parent=385"}],"wp:term":[{"taxonomy":"category","embeddable":true,"href":"http:\/\/valeriane-cevennes.com\/index.php?rest_route=%2Fwp%2Fv2%2Fcategories&post=385"},{"taxonomy":"post_tag","embeddable":true,"href":"http:\/\/valeriane-cevennes.com\/index.php?rest_route=%2Fwp%2Fv2%2Ftags&post=385"}],"curies":[{"name":"wp","href":"https:\/\/api.w.org\/{rel}","templated":true}]}}