{"id":395,"date":"2015-05-30T00:24:15","date_gmt":"2015-05-29T23:24:15","guid":{"rendered":"http:\/\/valeriane-cevennes.com\/?p=395"},"modified":"2015-05-30T01:55:02","modified_gmt":"2015-05-30T00:55:02","slug":"le-savon-noir","status":"publish","type":"post","link":"http:\/\/valeriane-cevennes.com\/?p=395","title":{"rendered":"Le savon noir"},"content":{"rendered":"<h1 class=\"name post-title entry-title\">\u00a0<\/h1>\n<p><strong>Jardinage biologique : le savon noir pour lutter contre les pucerons et les cochenilles !<\/strong><\/p>\n<p><a href=\"http:\/\/valeriane-cevennes.com\/wp-content\/uploads\/2015\/05\/savon-noir-jardin.jpg\"><img loading=\"lazy\" decoding=\"async\" class=\" size-medium wp-image-396 alignleft\" src=\"http:\/\/valeriane-cevennes.com\/wp-content\/uploads\/2015\/05\/savon-noir-jardin-300x225.jpg\" alt=\"savon-noir-jardin\" width=\"300\" height=\"225\" srcset=\"http:\/\/valeriane-cevennes.com\/wp-content\/uploads\/2015\/05\/savon-noir-jardin-300x225.jpg 300w, http:\/\/valeriane-cevennes.com\/wp-content\/uploads\/2015\/05\/savon-noir-jardin.jpg 618w\" sizes=\"(max-width: 300px) 100vw, 300px\" \/><\/a><\/p>\n<h1 class=\"name post-title entry-title\">\u00a0<\/h1>\n<h1 class=\"name post-title entry-title\">\u00a0<\/h1>\n<h1 class=\"name post-title entry-title\">\u00a0<\/h1>\n<p><strong>Le savon noir, qu&rsquo;est ce que c&rsquo;est :<br \/><\/strong><\/p>\n<p>Le savon noir est un produit totalement naturel et biod\u00e9gradable dont les propri\u00e9t\u00e9s sont connues depuis fort longtemps. Utilis\u00e9 notamment pour l\u2019entretien de la maison, pour les soins corporels ou encore pour le shampoing de vos animaux domestiques, ses vertus antibact\u00e9riennes et insecticides en font \u00e9galement un alli\u00e9 pr\u00e9cieux en jardinage biologique pour lutter contre les insectes nuisibles, notamment les pucerons et les cochenilles, mais aussi les araign\u00e9es rouges, les thrips et les aleurodes !<\/p>\n<p>Le savon noir est fabriqu\u00e9 avec des sels potassiques et un corps gras naturel, une huile v\u00e9g\u00e9tale, g\u00e9n\u00e9ralement de l\u2019huile de lin et ou d\u2019olive. Dans le commerce on le trouve sous forme liquide ou en p\u00e2te molle. Pour une utilisation au jardin, il est conseill\u00e9 de prendre du savon noir liquide car son emploi est plus facile.<\/p>\n<p>\u00c0 condition de ne pas contenir d\u2019additifs, le savon noir est inoffensif pour l\u2019environnement. C\u2019est un produit 100% naturel biologique et biod\u00e9gradable. Attention donc \u00e0 ne pas confondre avec le savon noir destin\u00e9 \u00e0 la cosm\u00e9tiques qui contient parfois des additifs chimiques. Pour le jardin, il faut du savon noir naturel !<\/p>\n<p><strong>Au jardin : utilisation et dosage du savon noir :<\/strong><\/p>\n<p>Le savon noir liquide est utilis\u00e9 comme insecticide de contact pour lutter contre les pucerons, les cochenilles, les araign\u00e9es rouges, les aleurodes, les psylles et autres thrips. Il permet de tuer les larves et nettoie le miellat qui englue les feuilles.<\/p>\n<p>La recette de l\u2019insecticide \u00e0 base de savon noir est tr\u00e8s simple \u00e0 r\u00e9aliser : Dans un vaporisateur mettez 1 litre de l\u2019eau ti\u00e8de, ajoutez 4 \u00e0 5 cuill\u00e8res \u00e0 caf\u00e9 de savon noir liquide. Secouez bien le tout et une fois refroidie, vaporisez le m\u00e9lange sur les feuilles atteintes en prenant soin de ne pas oublier le dessous des feuilles. Renouvelez l\u2019op\u00e9ration une \u00e0 deux fois si n\u00e9cessaire, pour \u00eatre totalement d\u00e9barrass\u00e9 de ces insectes ind\u00e9sirables.<\/p>\n<p>Le savon noir est \u00e9galement utile pour nettoyer les outils de jardins mais \u00e9galement les dalles ou autres supports en pierre. Compter 2 \u00e0 3 cuill\u00e8res pour 5 litres d\u2019eau chaude et frotter bien avec ce m\u00e9lange.<\/p>\n<p><strong>Quelques pr\u00e9cautions et conseils d&rsquo;usage du savon noir :<\/strong><\/p>\n<p>Comme pour tous traitements insecticides, certaines pr\u00e9cautions sont \u00e0 prendre pour une bonne efficacit\u00e9 : Tout d\u2019abord, ne pas effectuer les pulv\u00e9risations les jours de pluie, ni les jours de grand soleil. Et pulv\u00e9risez plut\u00f4t le matin de bonne heure ou en fin de journ\u00e9e. Id\u00e9alement la temp\u00e9rature doit \u00eatre inf\u00e9rieure \u00e0 20\u00b0C.<\/p>\n<p>Bien que le savon noir soit un produit naturel et non toxique, il est recommand\u00e9 de le conserver hors de port\u00e9e des enfants et des animaux domestiques. Aussi pour ne pas nuire aux insectes auxiliaires du jardin, comme la coccinelle par exemple, utilisez le savon noir uniquement en cas de forte menace sur cultures et v\u00e9rifier avant la pulv\u00e9risation s\u2019il y en a sur la plante !<\/p>\n<p>&nbsp;<\/p>\n<p class=\"post-meta\"><em>Publi\u00e9 par : <a title=\"\" href=\"http:\/\/www.alsagarden.com\/blog\/author\/Lucas\/\">Lucas <\/a> dans <a href=\"http:\/\/www.alsagarden.com\/blog\/category\/au-potager\/\" rel=\"category tag\">Au potager<\/a>, <a href=\"http:\/\/www.alsagarden.com\/blog\/category\/jardinage\/fiches-conseils\/\" rel=\"category tag\">Fiches conseils<\/a>, <a href=\"http:\/\/www.alsagarden.com\/blog\/category\/jardinage\/jardin-au-naturel\/\" rel=\"category tag\">Jardin au naturel<\/a>, <a href=\"http:\/\/www.alsagarden.com\/blog\/category\/jardinage\/\" rel=\"category tag\">Jardinage<\/a>, <a href=\"http:\/\/www.alsagarden.com\/blog\/category\/au-potager\/maladies-et-ravageurs-des-vegetaux\/\" rel=\"category tag\">Maladies et ravageurs<\/a>, <a href=\"http:\/\/www.alsagarden.com\/blog\/category\/articles\/\" rel=\"category tag\">Tous les articles<\/a>, <a href=\"http:\/\/www.alsagarden.com\/blog\/category\/au-potager\/trucs-et-astuces\/\" rel=\"category tag\">Trucs et astuces <br \/><\/a><\/em>G\u00e9rant de la jardinerie en ligne <strong>AlsaGarden<\/strong>, passionn\u00e9 par le monde v\u00e9g\u00e9tal et les plantes rares en particulier. C&rsquo;est un jardinier alsacien, militant d&rsquo;un jardin plus \u00e9cologique et respectueux de la nature !<\/p>\n<p class=\"post-meta\"><a href=\"http:\/\/valeriane-cevennes.com\/wp-content\/uploads\/2015\/05\/pucerons.jpg\"><img loading=\"lazy\" decoding=\"async\" class=\" size-full wp-image-397 alignleft\" src=\"http:\/\/valeriane-cevennes.com\/wp-content\/uploads\/2015\/05\/pucerons.jpg\" alt=\"pucerons\" width=\"278\" height=\"181\" \/><\/a><\/p>\n<p class=\"post-meta\"><em>Pucerons<\/em><\/p>\n<p class=\"post-meta\">\u00a0<\/p>\n<p class=\"post-meta\">\u00a0<\/p>\n<p class=\"post-meta\">\u00a0<\/p>\n<p class=\"post-meta\">\u00a0<\/p>\n","protected":false},"excerpt":{"rendered":"<p>\u00a0 Jardinage biologique : le savon noir pour lutter contre les pucerons et les cochenilles ! \u00a0 \u00a0 \u00a0 Le savon noir, qu&rsquo;est ce que c&rsquo;est : Le savon noir est un produit totalement naturel et biod\u00e9gradable dont les propri\u00e9t\u00e9s sont connues depuis fort&#8230;<\/p>\n","protected":false},"author":1,"featured_media":0,"comment_status":"open","ping_status":"closed","sticky":false,"template":"","format":"standard","meta":{"ngg_post_thumbnail":0,"footnotes":""},"categories":[1],"tags":[],"class_list":["post-395","post","type-post","status-publish","format-standard","hentry","category-mes-articles"],"_links":{"self":[{"href":"http:\/\/valeriane-cevennes.com\/index.php?rest_route=\/wp\/v2\/posts\/395"}],"collection":[{"href":"http:\/\/valeriane-cevennes.com\/index.php?rest_route=\/wp\/v2\/posts"}],"about":[{"href":"http:\/\/valeriane-cevennes.com\/index.php?rest_route=\/wp\/v2\/types\/post"}],"author":[{"embeddable":true,"href":"http:\/\/valeriane-cevennes.com\/index.php?rest_route=\/wp\/v2\/users\/1"}],"replies":[{"embeddable":true,"href":"http:\/\/valeriane-cevennes.com\/index.php?rest_route=%2Fwp%2Fv2%2Fcomments&post=395"}],"version-history":[{"count":5,"href":"http:\/\/valeriane-cevennes.com\/index.php?rest_route=\/wp\/v2\/posts\/395\/revisions"}],"predecessor-version":[{"id":406,"href":"http:\/\/valeriane-cevennes.com\/index.php?rest_route=\/wp\/v2\/posts\/395\/revisions\/406"}],"wp:attachment":[{"href":"http:\/\/valeriane-cevennes.com\/index.php?rest_route=%2Fwp%2Fv2%2Fmedia&parent=395"}],"wp:term":[{"taxonomy":"category","embeddable":true,"href":"http:\/\/valeriane-cevennes.com\/index.php?rest_route=%2Fwp%2Fv2%2Fcategories&post=395"},{"taxonomy":"post_tag","embeddable":true,"href":"http:\/\/valeriane-cevennes.com\/index.php?rest_route=%2Fwp%2Fv2%2Ftags&post=395"}],"curies":[{"name":"wp","href":"https:\/\/api.w.org\/{rel}","templated":true}]}}